{"id":2065,"date":"2023-10-23T18:00:57","date_gmt":"2023-10-23T16:00:57","guid":{"rendered":"http:\/\/atomcsill.elte.hu\/NEW\/?p=2065"},"modified":"2023-11-25T14:22:43","modified_gmt":"2023-11-25T13:22:43","slug":"egyszeru-osszefuggesek-keresese","status":"publish","type":"post","link":"https:\/\/atomcsill.elte.hu\/NEW\/egyszeru-osszefuggesek-keresese\/","title":{"rendered":"Egyszer\u0171 \u00f6sszef\u00fcgg\u00e9sek keres\u00e9se"},"content":{"rendered":"<p>A cs\u00fct\u00f6rt\u00f6ki tal\u00e1lkoz\u00e1sig, szeretettel <a href=\"http:\/\/atomcsill.elte.hu\/NEW\/events\/hatarozatlan-mozgasok\/\">aj\u00e1nljuk el\u0151ad\u00f3nk N\u00e9meth R\u00f3bert<\/a> gondolatait:<br \/>\n<img loading=\"lazy\" decoding=\"async\" class=\"alignright wp-image-2066 size-medium\" src=\"http:\/\/atomcsill.elte.hu\/NEW\/wp-content\/uploads\/2023\/11\/nemethrobert-229x300.jpg\" alt=\"N\u00e9meth R\u00f3bert\" width=\"229\" height=\"300\" srcset=\"https:\/\/atomcsill.elte.hu\/NEW\/wp-content\/uploads\/2023\/11\/nemethrobert-229x300.jpg 229w, https:\/\/atomcsill.elte.hu\/NEW\/wp-content\/uploads\/2023\/11\/nemethrobert.jpg 526w\" sizes=\"auto, (max-width: 229px) 100vw, 229px\" \/><br \/>\n&#8222;A fizika sz\u00e9ps\u00e9ge sz\u00e1momra legink\u00e1bb a bonyolult elm\u00e9letek m\u00f6g\u00f6tt megh\u00faz\u00f3d\u00f3 egyszer\u0171 \u00f6sszef\u00fcgg\u00e9sek keres\u00e9s\u00e9ben, a l\u00e1tsz\u00f3lag k\u00fcl\u00f6nb\u00f6z\u0151 r\u00e9szter\u00fcletek k\u00f6zti kapcsol\u00f3d\u00e1sok megfigyel\u00e9s\u00e9ben nyilv\u00e1nul meg. N\u00e9h\u00e1ny \u00e9ve k\u00e9t teljesen elt\u00e9r\u0151 t\u00e9m\u00e1j\u00fa egyetemi kurzust hallgattam p\u00e1rhuzamosan, \u00e9s megd\u00f6bbenve vettem \u00e9szre, amikor egyik \u00f3r\u00e1n a gyenge k\u00f6lcs\u00f6nhat\u00e1s, m\u00e1sikon a topologikus szigetel\u0151k t\u00e1rgyal\u00e1sakor egym\u00e1shoz k\u00eds\u00e9rtetiesen hasonl\u00f3 k\u00e9pletek ker\u00fcltek fel a t\u00e1bl\u00e1ra. N\u00e9mi gondolkod\u00e1s ut\u00e1n siker\u00fclt \u00f6sszeraknom, hogy ezek m\u00e1s kontextusban, m\u00e1s jel\u00f6l\u00e9sekkel, de val\u00f3ban ugyanazokat a m\u00e9ly, elemi gondolatokat fejezik ki. \u00c9ppen ez\u00e9rt, b\u00e1r a szil\u00e1rdtestfizika \u00e9s a kvantuminformatika ter\u00fclet\u00e9n v\u00e9gzem kutat\u00e1saimat, sz\u00edvesen t\u00f6lt\u00f6k id\u0151t egy\u00e9b t\u00e9mak\u00f6r\u00f6kben val\u00f3 elm\u00e9lyed\u00e9ssel is, a klasszikus elektrodinamik\u00e1t\u00f3l a r\u00e9szecskefizik\u00e1ig. A kutat\u00e1s mellett \u00e9ppoly fontosnak tartom az oktat\u00e1st \u00e9s a tehets\u00e9ggondoz\u00e1st is, ez\u00e9rt az ut\u00f3bbi \u00e9vekben rendszeresen vettem r\u00e9szt koll\u00e9giumi \u00f3r\u00e1k \u00e9s egyetemi gyakorlatok tart\u00e1s\u00e1ban, valamint a k\u00f6z\u00e9piskol\u00e1soknak sz\u00f3l\u00f3 D\u00fcrer Verseny szervez\u00e9s\u00e9ben.<br \/>\nB\u00e1r sablonosnak t\u0171nhet, de igaz, hogy az ELTE fizika szak\u00e1n val\u00f3 tov\u00e1bbtanul\u00e1shoz nagy hat\u00e1ssal volt r\u00e1m az AtomCsill el\u0151ad\u00e1ssorozat, amellyel a 2015\/16-os tan\u00e9vben ismerkedtem meg. Furcsa egybees\u00e9s, hogy abban az \u00e9vadban az els\u0151 k\u00e9t alkalommal \u00e9ppen D\u00e1vid Gyula \u00e9s Cserti J\u00f3zsef adott el\u0151, k\u00f6z\u00fcl\u00fck el\u0151bbi inspir\u00e1l\u00f3 egyetemi tan\u00e1rom, ut\u00f3bbi pedig t\u00e9mavezet\u0151m \u00e9s mentorom lett. K\u00f6z\u00e9piskol\u00e1sk\u00e9nt leny\u0171g\u00f6ztek ezek a programok, \u00e9s nagyban kisz\u00e9les\u00edtett\u00e9k a fizika\u00f3r\u00e1kon szerzett ismereteimet. Rem\u00e9lem, hogy el\u0151ad\u00e1sommal \u00e9n is k\u00e9pes leszek hasonl\u00f3 \u00e9lm\u00e9nyeket adni a k\u00f6vetkez\u0151 gener\u00e1ci\u00f3nak.&#8221;<\/p>\n","protected":false},"excerpt":{"rendered":"<p>A cs\u00fct\u00f6rt\u00f6ki tal\u00e1lkoz\u00e1sig, szeretettel aj\u00e1nljuk el\u0151ad\u00f3nk N\u00e9meth R\u00f3bert gondolatait: &#8222;A fizika sz\u00e9ps\u00e9ge sz\u00e1momra legink\u00e1bb a bonyolult elm\u00e9letek m\u00f6g\u00f6tt megh\u00faz\u00f3d\u00f3 egyszer\u0171 \u00f6sszef\u00fcgg\u00e9sek keres\u00e9s\u00e9ben, a l\u00e1tsz\u00f3lag k\u00fcl\u00f6nb\u00f6z\u0151 r\u00e9szter\u00fcletek k\u00f6zti kapcsol\u00f3d\u00e1sok megfigyel\u00e9s\u00e9ben nyilv\u00e1nul meg. N\u00e9h\u00e1ny \u00e9ve k\u00e9t teljesen elt\u00e9r\u0151 t\u00e9m\u00e1j\u00fa egyetemi kurzust hallgattam p\u00e1rhuzamosan, \u00e9s megd\u00f6bbenve vettem \u00e9szre, amikor egyik \u00f3r\u00e1n a gyenge k\u00f6lcs\u00f6nhat\u00e1s, m\u00e1sikon a topologikus szigetel\u0151k &hellip; <a href=\"https:\/\/atomcsill.elte.hu\/NEW\/egyszeru-osszefuggesek-keresese\/\" class=\"more-link\">B\u0151vebben: <span class=\"screen-reader-text\">Egyszer\u0171 \u00f6sszef\u00fcgg\u00e9sek keres\u00e9se<\/span><\/a><\/p>\n","protected":false},"author":1,"featured_media":0,"comment_status":"closed","ping_status":"closed","sticky":false,"template":"","format":"standard","meta":{"_acf_changed":false,"footnotes":""},"categories":[9],"tags":[],"class_list":["post-2065","post","type-post","status-publish","format-standard","hentry","category-eloado"],"acf":[],"_links":{"self":[{"href":"https:\/\/atomcsill.elte.hu\/NEW\/wp-json\/wp\/v2\/posts\/2065","targetHints":{"allow":["GET"]}}],"collection":[{"href":"https:\/\/atomcsill.elte.hu\/NEW\/wp-json\/wp\/v2\/posts"}],"about":[{"href":"https:\/\/atomcsill.elte.hu\/NEW\/wp-json\/wp\/v2\/types\/post"}],"author":[{"embeddable":true,"href":"https:\/\/atomcsill.elte.hu\/NEW\/wp-json\/wp\/v2\/users\/1"}],"replies":[{"embeddable":true,"href":"https:\/\/atomcsill.elte.hu\/NEW\/wp-json\/wp\/v2\/comments?post=2065"}],"version-history":[{"count":3,"href":"https:\/\/atomcsill.elte.hu\/NEW\/wp-json\/wp\/v2\/posts\/2065\/revisions"}],"predecessor-version":[{"id":2068,"href":"https:\/\/atomcsill.elte.hu\/NEW\/wp-json\/wp\/v2\/posts\/2065\/revisions\/2068"}],"wp:attachment":[{"href":"https:\/\/atomcsill.elte.hu\/NEW\/wp-json\/wp\/v2\/media?parent=2065"}],"wp:term":[{"taxonomy":"category","embeddable":true,"href":"https:\/\/atomcsill.elte.hu\/NEW\/wp-json\/wp\/v2\/categories?post=2065"},{"taxonomy":"post_tag","embeddable":true,"href":"https:\/\/atomcsill.elte.hu\/NEW\/wp-json\/wp\/v2\/tags?post=2065"}],"curies":[{"name":"wp","href":"https:\/\/api.w.org\/{rel}","templated":true}]}}